{"id":12288,"date":"2015-06-12T17:18:42","date_gmt":"2015-06-12T17:18:42","guid":{"rendered":"http:\/\/www.eurocircle.com\/euro\/?p=12288"},"modified":"2022-01-10T21:41:33","modified_gmt":"2022-01-10T21:41:33","slug":"barcelona-jul-17-2013-2","status":"publish","type":"post","link":"https:\/\/www.eurocircle.com\/euro\/barcelona-jul-17-2013-2\/","title":{"rendered":"Barcelona &#8211; Jul 17 2013"},"content":{"rendered":"\n<style type=\"text\/css\" data-created_by=\"avia_inline_auto\" id=\"style-css-av-ug7khs-9ac0319e1f7f79ef7c338121f862e6b2\">\n#top .avia-gallery.av-ug7khs-9ac0319e1f7f79ef7c338121f862e6b2 .avia-gallery-thumb a{\nwidth:20%;\n}\n<\/style>\n<div  class='avia-gallery av-ug7khs-9ac0319e1f7f79ef7c338121f862e6b2 avia_animate_when_visible  avia-builder-el-0  avia-builder-el-no-sibling  deactivate_avia_lazyload avia-gallery-animate avia-gallery-1'  itemprop=\"image\" itemscope=\"itemscope\" itemtype=\"https:\/\/schema.org\/ImageObject\" ><div class='avia-gallery-thumb'> <a href=\"https:\/\/www.eurocircle.com\/euro\/wp-content\/uploads\/barcelona-event\/2015\/06\/Barcelona-La-martinera.jpg\" data-srcset=\"https:\/\/www.eurocircle.com\/euro\/wp-content\/uploads\/barcelona-event\/2015\/06\/Barcelona-La-martinera.jpg 640w, https:\/\/www.eurocircle.com\/euro\/wp-content\/uploads\/barcelona-event\/2015\/06\/Barcelona-La-martinera-300x200.jpg 300w, https:\/\/www.eurocircle.com\/euro\/wp-content\/uploads\/barcelona-event\/2015\/06\/Barcelona-La-martinera-450x300.jpg 450w\" data-sizes=\"(max-width: 640px) 100vw, 640px\" data-rel='gallery-1' data-prev-img='https:\/\/www.eurocircle.com\/euro\/wp-content\/uploads\/barcelona-event\/2015\/06\/Barcelona-La-martinera-495x400.jpg' class='first_thumb lightbox ' data-onclick='1' title='Barcelona-La-martinera'  itemprop=\"thumbnailUrl\"  ><img class=\"wp-image-12286 avia-img-lazy-loading-not-12286\"   src=\"https:\/\/www.eurocircle.com\/euro\/wp-content\/uploads\/barcelona-event\/2015\/06\/Barcelona-La-martinera-180x180.jpg\" width=\"180\" height=\"180\"  title='Barcelona-La-martinera' alt='' srcset=\"https:\/\/www.eurocircle.com\/euro\/wp-content\/uploads\/barcelona-event\/2015\/06\/Barcelona-La-martinera-180x180.jpg 180w, https:\/\/www.eurocircle.com\/euro\/wp-content\/uploads\/barcelona-event\/2015\/06\/Barcelona-La-martinera-80x80.jpg 80w, https:\/\/www.eurocircle.com\/euro\/wp-content\/uploads\/barcelona-event\/2015\/06\/Barcelona-La-martinera-36x36.jpg 36w, https:\/\/www.eurocircle.com\/euro\/wp-content\/uploads\/barcelona-event\/2015\/06\/Barcelona-La-martinera-120x120.jpg 120w\" sizes=\"(max-width: 180px) 100vw, 180px\" \/><\/a><\/div><\/div>\n<p>Dear friends,<\/p>\n<p>You are invited to a very special evening\u2026<br \/>\nBarcelona Connect and EuroCircle Barcelona are delighted to announce their first joint after work business networking &amp; cocktail event: \u201cNew Job Opportunities.\u201d<\/p>\n<p>Join us on Wednesday July 17th from 19h, at the elegant and centrally located venue \u201cLa Martinera\u201d.<\/p>\n<p>Come and gain some valuable insights into new job opportunities and tips for your professional development, with guest speakers that include recruitment specialists and headhunters. You can also meet them personally, and enjoy an inspiring networking evening in a relaxed ambience.<\/p>\n<p>You will be welcomed with a glass of cava and some delicious aperitifs, and included in our free raffle \u2013 with some excellent prizes such as meals for 2, an aromatherapy massage, and more to be announced.<\/p>\n<p>Although the first presentation will start at 20:00 hs., we suggest you come early to network with participants and speakers.<\/p>\n<p><strong>Confirmed guest speakers from:<\/strong><br \/>\nEurope Language Jobs: <a href=\"https:\/\/www.europelanguagejobs.com\" target=\"_blank\" rel=\"noopener\">www.europelanguagejobs.com<\/a><br \/>\nTalent Search People <a href=\"https:\/\/www.talentsearchpeople.com\" target=\"_blank\" rel=\"noopener\">www.talentsearchpeople.com<\/a><\/p>\n<p>\u20ac10 to be paid at the bar. This includes a welcome drink, appetizers and raffles.<\/p>\n<p>RSVP requested<\/p>\n<p>We look forward to seeing you there!<br \/>\nFeel free to contact us if you\u2019d like any further information at ,<\/p>\n<p>EuroCircle Barcelona<br \/>\n&amp; Barcelona Connect<br \/>\n\u2014\u2014\u2014\u2014\u2014\u2014\u2014\u2014\u2014\u2014\u2014\u2014\u2014-<\/p>\n<p>Amigos y amigas,<\/p>\n<p>Estan invitados a una noche muy especial\u2026<\/p>\n<p>Barcelona Connect y EuroCircle Barcelona se complacen en anunciar su primer evento conjunto: \u201cNuevas Oportunidades de Trabajo\u201d.<\/p>\n<p>Te esperamos el mi\u00e9rcoles 17 de julio, desde las 19:00 hs. en el elegante y c\u00e9ntrico bar \u201cLa Martinera\u201d.<\/p>\n<p>Recibir\u00e1s valiosos consejos e informaci\u00f3n actualizada para tu b\u00fasqueda de trabajo de especialistas\/\u201dheadhunters\u201d en desarrollo profesional. Adem\u00e1s, tendr\u00e1s la posibilidad de conversar personalmente con ellos en un ambiente informal.<\/p>\n<p>Te recibiremos con una copa de cava de bienvenida y unos deliciosos aperitivos; adem\u00e1s, estar\u00e1s participando de varios sorteos con premios tales como una cena para dos, un masaje aromaterap\u00e9utico y muchos otros que iremos anunciando en las pr\u00f3ximas dos semanas.<\/p>\n<p>Si bien la primer ponencia comienza a las 20:00 hs., te sugerimos que vengas temprano para ampliar tu red de contactos y conversar con los ponentes.<\/p>\n<p>Los ponentes confirmados son:<br \/>\nEurope Language Jobs (www.europelanguagejobs.com)<br \/>\nTalent Search People (www.talentsearchpeople.com)<\/p>\n<p>Entrada: \u20ac10 a ser pagados en la puerta del bar. Incluye una copa de cava de bienvenida, aperitivos y sorteos.<\/p>\n<p>Por favor reg\u00edstrate<\/p>\n<p>Te esperamos!<br \/>\nPor cualquier consulta, puedes contactarnos en barcelona@eurocircle.com, francesca@barcelonaconnect.com o al 692213669.<\/p>\n<p>EuroCircle Barcelona<br \/>\ny Barcelona Connect<\/p>\n","protected":false},"excerpt":{"rendered":"<p>Dear friends, You are invited to a very special evening\u2026 Barcelona Connect and EuroCircle Barcelona are delighted to announce their first joint after work business networking &amp; cocktail event: \u201cNew Job Opportunities.\u201d Join us on Wednesday July 17th from 19h, at the elegant and centrally located venue \u201cLa Martinera\u201d. Come and gain some valuable insights [&hellip;]<\/p>\n","protected":false},"author":1,"featured_media":12286,"comment_status":"closed","ping_status":"closed","sticky":false,"template":"","format":"standard","meta":[],"categories":[54,3],"tags":[32],"_links":{"self":[{"href":"https:\/\/www.eurocircle.com\/euro\/wp-json\/wp\/v2\/posts\/12288"}],"collection":[{"href":"https:\/\/www.eurocircle.com\/euro\/wp-json\/wp\/v2\/posts"}],"about":[{"href":"https:\/\/www.eurocircle.com\/euro\/wp-json\/wp\/v2\/types\/post"}],"author":[{"embeddable":true,"href":"https:\/\/www.eurocircle.com\/euro\/wp-json\/wp\/v2\/users\/1"}],"replies":[{"embeddable":true,"href":"https:\/\/www.eurocircle.com\/euro\/wp-json\/wp\/v2\/comments?post=12288"}],"version-history":[{"count":3,"href":"https:\/\/www.eurocircle.com\/euro\/wp-json\/wp\/v2\/posts\/12288\/revisions"}],"predecessor-version":[{"id":29631,"href":"https:\/\/www.eurocircle.com\/euro\/wp-json\/wp\/v2\/posts\/12288\/revisions\/29631"}],"wp:featuredmedia":[{"embeddable":true,"href":"https:\/\/www.eurocircle.com\/euro\/wp-json\/wp\/v2\/media\/12286"}],"wp:attachment":[{"href":"https:\/\/www.eurocircle.com\/euro\/wp-json\/wp\/v2\/media?parent=12288"}],"wp:term":[{"taxonomy":"category","embeddable":true,"href":"https:\/\/www.eurocircle.com\/euro\/wp-json\/wp\/v2\/categories?post=12288"},{"taxonomy":"post_tag","embeddable":true,"href":"https:\/\/www.eurocircle.com\/euro\/wp-json\/wp\/v2\/tags?post=12288"}],"curies":[{"name":"wp","href":"https:\/\/api.w.org\/{rel}","templated":true}]}}